{"id":33423,"date":"2024-11-10T18:00:30","date_gmt":"2024-11-10T17:00:30","guid":{"rendered":"https:\/\/berneworldcup.ch\/competition-par-equipe-lhymne-national-hongrois-a-de-nouveau-retenti\/"},"modified":"2024-11-11T14:05:04","modified_gmt":"2024-11-11T13:05:04","slug":"competition-par-equipe-lhymne-national-hongrois-a-de-nouveau-retenti","status":"publish","type":"post","link":"https:\/\/berneworldcup.ch\/fr\/competition-par-equipe-lhymne-national-hongrois-a-de-nouveau-retenti\/","title":{"rendered":"Comp\u00e9tition par \u00e9quipe : l&rsquo;hymne national hongrois a de nouveau retenti"},"content":{"rendered":"\n<p><strong>Apr\u00e8s une troisi\u00e8me journ\u00e9e de comp\u00e9tition intense, l&rsquo;\u00e9quipe hongroise a remport\u00e9 la m\u00e9daille d&rsquo;or. L&rsquo;argent est all\u00e9 au Japon et le bronze \u00e0 la France. L&rsquo;\u00e9quipe suisse s&rsquo;est class\u00e9e \u00e0 la cinqui\u00e8me place.  <\/strong><\/p>\n\n<div class=\"wp-block-kadence-image kb-image33403_aa9cc8-b5\"><figure class=\"alignleft size-large\"><img loading=\"lazy\" decoding=\"async\" width=\"1024\" height=\"683\" src=\"https:\/\/berneworldcup.ch\/wp-content\/uploads\/2024\/11\/SwissTeam-Berne-2024-1024x683.jpg\" alt=\"\" class=\"kb-img wp-image-33419\" srcset=\"https:\/\/berneworldcup.ch\/wp-content\/uploads\/2024\/11\/SwissTeam-Berne-2024-1024x683.jpg 1024w, https:\/\/berneworldcup.ch\/wp-content\/uploads\/2024\/11\/SwissTeam-Berne-2024-300x200.jpg 300w, https:\/\/berneworldcup.ch\/wp-content\/uploads\/2024\/11\/SwissTeam-Berne-2024-768x512.jpg 768w, https:\/\/berneworldcup.ch\/wp-content\/uploads\/2024\/11\/SwissTeam-Berne-2024-1536x1025.jpg 1536w, https:\/\/berneworldcup.ch\/wp-content\/uploads\/2024\/11\/SwissTeam-Berne-2024-2048x1366.jpg 2048w\" sizes=\"auto, (max-width: 1024px) 100vw, 1024px\" \/><figcaption>d.g.\u00e0.d. Alexis Bayard, Hadrien Favre, Ian Hauri et Lucas Malcotti<\/figcaption><\/figure><\/div>\n\n<p>L&rsquo;\u00e9quipe de Suisse, dirig\u00e9e par Max Heinzer, qui s&rsquo;est retir\u00e9 de la sc\u00e8ne active cet \u00e9t\u00e9, s&rsquo;est class\u00e9e \u00e0 une bonne cinqui\u00e8me place au classement final. Alexis Bayard, Lucas Malcotti, Ian Hauri et Hadrien Favre peuvent \u00eatre fiers de ce bon r\u00e9sultat obtenu apr\u00e8s des rencontres courageux contre la France (en 1\/4 de finale) et dans les rencontres de classement suivants, contre le Kazakhstan et la Pologne.<\/p>\n\n<p>Max Heinzer, qui s&rsquo;est retir\u00e9 du sport de comp\u00e9tition cet \u00e9t\u00e9 et qui est depuis pr\u00e9sident de la F\u00e9d\u00e9ration suisse, s&rsquo;est charg\u00e9 lui-m\u00eame du coaching de l&rsquo;\u00e9quipe nationale pour la comp\u00e9tition d&rsquo;aujourd&rsquo;hui en raison du poste d&rsquo;entra\u00eeneur national qui n&rsquo;a pas encore \u00e9t\u00e9 occup\u00e9. Cette mesure a eu un effet positif et encourageant. En pleine confiance et tr\u00e8s motiv\u00e9e, l&rsquo;\u00e9quipe s&rsquo;est battue touche par touche. En quart de finale, l&rsquo;\u00e9quipe a perdu avec un \u00e9cart de 3 touches contre la France, qui a remport\u00e9 la m\u00e9daille de bronze.<\/p>\n\n<p>Le champion olympique hongrois n&rsquo;a \u00e9t\u00e9 menac\u00e9 dans aucune de ses cinq rencontres. Apr\u00e8s avoir battu l&rsquo;Australie (45:24), le Canada (45:34) et le Kazakhstan (45:36), l&rsquo;\u00e9quipe de France en demi-finale a \u00e9t\u00e9 l&rsquo;\u00e9quipe qui s\u2019est oppos\u00e9e le plus de toutes. Apr\u00e8s avoir \u00e9t\u00e9 men\u00e9e de 15 buts \u00e0 un moment donn\u00e9, l&rsquo;\u00e9quipe tricolore a r\u00e9ussi \u00e0 revenir \u00e0 quatre touches. Le score final de 45 \u00e0 41 a permis aux Hongrois de conserver leur avance. Enfin, la Hongrie a remport\u00e9 la finale contre le Japon par 34 \u00e0 27.<\/p>\n\n<p>La troisi\u00e8me place revient \u00e0 l&rsquo;\u00e9quipe de France apr\u00e8s une rencontre passionnante avec 39 touches \u00e0 29. L&rsquo;\u00e9quipe s&rsquo;est pr\u00e9sent\u00e9e sans les piliers de longue date de l&rsquo;\u00e9quipe, Yannick Borel (m\u00e9daille d&rsquo;argent olympique \u00e0 Paris 2024) et Romain Cannone (champion olympique \u00e0 Tokyo 2021). La quatri\u00e8me place revient \u00e0 l&rsquo;Italie.  <\/p>\n\n<div class=\"wp-block-columns is-layout-flex wp-container-core-columns-is-layout-d0b3c9c8 wp-block-columns-is-layout-flex\">\n<div class=\"wp-block-column is-layout-flow wp-block-column-is-layout-flow\">\n<figure class=\"wp-block-image size-large\"><img loading=\"lazy\" decoding=\"async\" width=\"1024\" height=\"768\" src=\"https:\/\/berneworldcup.ch\/wp-content\/uploads\/2024\/11\/1_Final-Berne-2024-Andrafsi-Matsumoto-1024x768.jpg\" alt=\"\" class=\"wp-image-33407\" srcset=\"https:\/\/berneworldcup.ch\/wp-content\/uploads\/2024\/11\/1_Final-Berne-2024-Andrafsi-Matsumoto-1024x768.jpg 1024w, https:\/\/berneworldcup.ch\/wp-content\/uploads\/2024\/11\/1_Final-Berne-2024-Andrafsi-Matsumoto-300x225.jpg 300w, https:\/\/berneworldcup.ch\/wp-content\/uploads\/2024\/11\/1_Final-Berne-2024-Andrafsi-Matsumoto-768x576.jpg 768w, https:\/\/berneworldcup.ch\/wp-content\/uploads\/2024\/11\/1_Final-Berne-2024-Andrafsi-Matsumoto-1536x1152.jpg 1536w, https:\/\/berneworldcup.ch\/wp-content\/uploads\/2024\/11\/1_Final-Berne-2024-Andrafsi-Matsumoto-2048x1536.jpg 2048w\" sizes=\"auto, (max-width: 1024px) 100vw, 1024px\" \/><\/figure>\n<\/div>\n\n\n\n<div class=\"wp-block-column is-layout-flow wp-block-column-is-layout-flow\">\n<figure class=\"wp-block-image size-large\"><img loading=\"lazy\" decoding=\"async\" width=\"1024\" height=\"768\" src=\"https:\/\/berneworldcup.ch\/wp-content\/uploads\/2024\/11\/2_Final-Berne-2024-Andrafsi-Yamada-1024x768.jpg\" alt=\"\" class=\"wp-image-33410\" srcset=\"https:\/\/berneworldcup.ch\/wp-content\/uploads\/2024\/11\/2_Final-Berne-2024-Andrafsi-Yamada-1024x768.jpg 1024w, https:\/\/berneworldcup.ch\/wp-content\/uploads\/2024\/11\/2_Final-Berne-2024-Andrafsi-Yamada-300x225.jpg 300w, https:\/\/berneworldcup.ch\/wp-content\/uploads\/2024\/11\/2_Final-Berne-2024-Andrafsi-Yamada-768x576.jpg 768w, https:\/\/berneworldcup.ch\/wp-content\/uploads\/2024\/11\/2_Final-Berne-2024-Andrafsi-Yamada-1536x1152.jpg 1536w, https:\/\/berneworldcup.ch\/wp-content\/uploads\/2024\/11\/2_Final-Berne-2024-Andrafsi-Yamada-2048x1536.jpg 2048w\" sizes=\"auto, (max-width: 1024px) 100vw, 1024px\" \/><\/figure>\n<\/div>\n<\/div>\n\n<div class=\"wp-block-columns is-layout-flex wp-container-core-columns-is-layout-d0b3c9c8 wp-block-columns-is-layout-flex\">\n<div class=\"wp-block-column is-layout-flow wp-block-column-is-layout-flow\">\n<figure class=\"wp-block-image size-large\"><img loading=\"lazy\" decoding=\"async\" width=\"1024\" height=\"768\" src=\"https:\/\/berneworldcup.ch\/wp-content\/uploads\/2024\/11\/3_Final-Berne-2024-Podium-Hymne-1024x768.jpg\" alt=\"\" class=\"wp-image-33413\" srcset=\"https:\/\/berneworldcup.ch\/wp-content\/uploads\/2024\/11\/3_Final-Berne-2024-Podium-Hymne-1024x768.jpg 1024w, https:\/\/berneworldcup.ch\/wp-content\/uploads\/2024\/11\/3_Final-Berne-2024-Podium-Hymne-300x225.jpg 300w, https:\/\/berneworldcup.ch\/wp-content\/uploads\/2024\/11\/3_Final-Berne-2024-Podium-Hymne-768x576.jpg 768w, https:\/\/berneworldcup.ch\/wp-content\/uploads\/2024\/11\/3_Final-Berne-2024-Podium-Hymne-1536x1152.jpg 1536w, https:\/\/berneworldcup.ch\/wp-content\/uploads\/2024\/11\/3_Final-Berne-2024-Podium-Hymne-2048x1536.jpg 2048w\" sizes=\"auto, (max-width: 1024px) 100vw, 1024px\" \/><\/figure>\n<\/div>\n\n\n\n<div class=\"wp-block-column is-layout-flow wp-block-column-is-layout-flow\">\n<figure class=\"wp-block-image size-large\"><img loading=\"lazy\" decoding=\"async\" width=\"1024\" height=\"768\" src=\"https:\/\/berneworldcup.ch\/wp-content\/uploads\/2024\/11\/WhatsApp-Image-2024-11-10-at-18.09.33-1024x768.jpeg\" alt=\"\" class=\"wp-image-33416\" srcset=\"https:\/\/berneworldcup.ch\/wp-content\/uploads\/2024\/11\/WhatsApp-Image-2024-11-10-at-18.09.33-1024x768.jpeg 1024w, https:\/\/berneworldcup.ch\/wp-content\/uploads\/2024\/11\/WhatsApp-Image-2024-11-10-at-18.09.33-300x225.jpeg 300w, https:\/\/berneworldcup.ch\/wp-content\/uploads\/2024\/11\/WhatsApp-Image-2024-11-10-at-18.09.33-768x576.jpeg 768w, https:\/\/berneworldcup.ch\/wp-content\/uploads\/2024\/11\/WhatsApp-Image-2024-11-10-at-18.09.33-1536x1152.jpeg 1536w, https:\/\/berneworldcup.ch\/wp-content\/uploads\/2024\/11\/WhatsApp-Image-2024-11-10-at-18.09.33-2048x1536.jpeg 2048w\" sizes=\"auto, (max-width: 1024px) 100vw, 1024px\" \/><\/figure>\n<\/div>\n<\/div>\n\n<p>Toutes les images \u00a9 by Team Bizzi<\/p>\n\n<p>Tous les r\u00e9sultats peuvent \u00eatre consult\u00e9s chez <a href=\"https:\/\/www.fencingworldwide.com\/fr\/12158-2024\/global\/\" target=\"_blank\" rel=\"noopener\">Ophardt<\/a>.<\/p>\n","protected":false},"excerpt":{"rendered":"<p>Apr\u00e8s une troisi\u00e8me journ\u00e9e de comp\u00e9tition intense, l&rsquo;\u00e9quipe hongroise a remport\u00e9 la m\u00e9daille d&rsquo;or. L&rsquo;argent est all\u00e9 au Japon et le bronze \u00e0 la France. L&rsquo;\u00e9quipe suisse s&rsquo;est class\u00e9e \u00e0 la cinqui\u00e8me place.  <\/p>\n","protected":false},"author":10,"featured_media":33406,"comment_status":"open","ping_status":"open","sticky":false,"template":"","format":"standard","meta":{"footnotes":""},"categories":[56],"tags":[],"class_list":["post-33423","post","type-post","status-publish","format-standard","has-post-thumbnail","hentry","category-news-fr"],"_links":{"self":[{"href":"https:\/\/berneworldcup.ch\/fr\/wp-json\/wp\/v2\/posts\/33423","targetHints":{"allow":["GET"]}}],"collection":[{"href":"https:\/\/berneworldcup.ch\/fr\/wp-json\/wp\/v2\/posts"}],"about":[{"href":"https:\/\/berneworldcup.ch\/fr\/wp-json\/wp\/v2\/types\/post"}],"author":[{"embeddable":true,"href":"https:\/\/berneworldcup.ch\/fr\/wp-json\/wp\/v2\/users\/10"}],"replies":[{"embeddable":true,"href":"https:\/\/berneworldcup.ch\/fr\/wp-json\/wp\/v2\/comments?post=33423"}],"version-history":[{"count":5,"href":"https:\/\/berneworldcup.ch\/fr\/wp-json\/wp\/v2\/posts\/33423\/revisions"}],"predecessor-version":[{"id":33436,"href":"https:\/\/berneworldcup.ch\/fr\/wp-json\/wp\/v2\/posts\/33423\/revisions\/33436"}],"wp:featuredmedia":[{"embeddable":true,"href":"https:\/\/berneworldcup.ch\/fr\/wp-json\/wp\/v2\/media\/33406"}],"wp:attachment":[{"href":"https:\/\/berneworldcup.ch\/fr\/wp-json\/wp\/v2\/media?parent=33423"}],"wp:term":[{"taxonomy":"category","embeddable":true,"href":"https:\/\/berneworldcup.ch\/fr\/wp-json\/wp\/v2\/categories?post=33423"},{"taxonomy":"post_tag","embeddable":true,"href":"https:\/\/berneworldcup.ch\/fr\/wp-json\/wp\/v2\/tags?post=33423"}],"curies":[{"name":"wp","href":"https:\/\/api.w.org\/{rel}","templated":true}]}}